{"id":2631,"date":"2026-03-09T10:35:26","date_gmt":"2026-03-09T13:35:26","guid":{"rendered":"https:\/\/nelsonbarbudo.com.br\/?p=2631"},"modified":"2026-03-09T10:35:27","modified_gmt":"2026-03-09T13:35:27","slug":"o-pib-de-papel-e-a-forca-de-quem-realmente-sustenta-o-brasil","status":"publish","type":"post","link":"https:\/\/nelsonbarbudo.com.br\/index.php\/2026\/03\/09\/o-pib-de-papel-e-a-forca-de-quem-realmente-sustenta-o-brasil\/","title":{"rendered":"O PIB de papel e a for\u00e7a de quem realmente sustenta o Brasil"},"content":{"rendered":"\n<h2 class=\"wp-block-heading\"><strong>O PIB de papel e a for\u00e7a de quem realmente sustenta o Brasil<\/strong><\/h2>\n\n\n\n<p>O governo anunciou hoje o crescimento do PIB de 2025: 2,3%.<\/p>\n\n\n\n<p>Em Bras\u00edlia, j\u00e1 tem gente pronta para estourar espumante e vender a ideia de que o Brasil entrou numa fase de prosperidade. Mas eu pergunto a voc\u00ea, brasileiro: esses 2,3% apareceram na sua mesa? Diminu\u00edram o pre\u00e7o da carne? Do combust\u00edvel? Do material escolar?<\/p>\n\n\n\n<p>Para quem vive do pr\u00f3prio suor, esse n\u00famero n\u00e3o passa de um enfeite estat\u00edstico.<\/p>\n\n\n\n<p>Eu n\u00e3o acredito em conto de fadas fiscais. Quando se analisa os dados com seriedade, a verdade aparece sem maquiagem: esse crescimento n\u00e3o \u00e9 fruto de uma gest\u00e3o eficiente. \u00c9, mais uma vez, resultado da for\u00e7a de quem trabalha apesar do governo.<\/p>\n\n\n\n<p><strong>O Agro: o gigante que carrega o Brasil nas costas<\/strong><\/p>\n\n\n\n<p>O pr\u00f3prio IBGE confirmou aquilo que todo brasileiro j\u00e1 percebeu na pr\u00e1tica: a Agropecu\u00e1ria cresceu impressionantes 11,7%.<\/p>\n\n\n\n<p>Pense nisso por um instante.<\/p>\n\n\n\n<p>Se o campo n\u00e3o tivesse avan\u00e7ado nesse ritmo, o resultado geral seria um fracasso retumbante. O PIB n\u00e3o estaria sendo celebrado. Estaria sendo lamentado.<\/p>\n\n\n\n<p>Enquanto o atual governo cria inseguran\u00e7a jur\u00eddica, amplia a burocracia e trata o produtor rural como suspeito, \u00e9 exatamente esse produtor \u2014 que acorda antes do sol nascer \u2014 quem impede o colapso da economia nacional.<\/p>\n\n\n\n<p>O Agro n\u00e3o \u00e9 apenas um setor. \u00c9 o escudo que protege o Brasil da incompet\u00eancia administrativa.<\/p>\n\n\n\n<p><strong>O Brasil que o governo n\u00e3o quer mostrar<\/strong><\/p>\n\n\n\n<p>Agora retire o Agro da conta.<\/p>\n\n\n\n<p>O que sobra?<\/p>\n\n\n\n<p>Servi\u00e7os e ind\u00fastria patinando. Crescimentos t\u00edmidos. Falta de dinamismo. Falta de confian\u00e7a.<\/p>\n\n\n\n<p>\u00c9 a\u00ed que mora o drama real da fam\u00edlia brasileira.<\/p>\n\n\n\n<p>Quando o crescimento depende quase exclusivamente de um \u00fanico setor, a economia urbana sente. O com\u00e9rcio sente. O trabalhador sente. O poder de compra encolhe. O sal\u00e1rio n\u00e3o acompanha. O custo de vida aperta.<\/p>\n\n\n\n<p>O brasileiro n\u00e3o vive de percentual de PIB. Vive de renda no fim do m\u00eas.<\/p>\n\n\n\n<p>Vive de liberdade econ\u00f4mica. Vive da possibilidade de empreender sem o peso sufocante de impostos e da m\u00e1quina p\u00fablica inchada.<\/p>\n\n\n\n<p>Gr\u00e1fico bonito n\u00e3o enche geladeira.<\/p>\n\n\n\n<p>Narrativa n\u00e3o paga boleto.<\/p>\n\n\n\n<p><strong>A pergunta que precisa ser feita<\/strong><\/p>\n\n\n\n<p>Estamos em 2026.<\/p>\n\n\n\n<p>Se o Agro n\u00e3o estivesse segurando o piano sozinho, qual seria o retrato real do pa\u00eds?<\/p>\n\n\n\n<p>A diferen\u00e7a \u00e9 clara. Houve um tempo em que o produtor era tratado como parceiro estrat\u00e9gico e a economia era levada com responsabilidade. Hoje vivemos um cen\u00e1rio em que estat\u00edsticas tentam maquiar a realidade.<\/p>\n\n\n\n<p>Mas a realidade n\u00e3o aceita maquiagem.<\/p>\n\n\n\n<p>A conta n\u00e3o fecha. O brasileiro sente. E o futuro cobra coragem.<\/p>\n\n\n\n<p>O Brasil precisa voltar aos trilhos da liberdade econ\u00f4mica, da seguran\u00e7a jur\u00eddica e do respeito a quem produz.<\/p>\n\n\n\n<p>Crescer de verdade n\u00e3o \u00e9 apresentar n\u00famero em planilha. \u00c9 melhorar a vida das pessoas.<\/p>\n\n\n\n<p>E isso n\u00e3o se faz com PIB de papel.<\/p>\n\n\n\n<p>Se faz com trabalho, responsabilidade e compromisso com o povo.<\/p>\n\n\n\n<p>Nelson Barbudo<br>Deputado Federal (PL-MT)<\/p>\n","protected":false},"excerpt":{"rendered":"<p>O PIB de papel e a for\u00e7a de quem realmente sustenta o Brasil O governo anunciou hoje o crescimento do PIB de 2025: 2,3%. Em Bras\u00edlia, j\u00e1 tem gente pronta para estourar espumante e vender a ideia de que o Brasil entrou numa fase de prosperidade. Mas eu pergunto a voc\u00ea, brasileiro: esses 2,3% apareceram [&hellip;]<\/p>\n","protected":false},"author":2,"featured_media":2585,"comment_status":"open","ping_status":"open","sticky":false,"template":"","format":"standard","meta":{"footnotes":""},"categories":[73,150,48],"tags":[66,237,54,53,55,236],"class_list":["post-2631","post","type-post","status-publish","format-standard","has-post-thumbnail","hentry","category-agronegocio","category-minha-opiniao","category-noticias","tag-agro","tag-artigonelsonbarbudo","tag-barbudo","tag-deputado-nelson-barbudo","tag-nelson-barbudo","tag-pib"],"yoast_head":"<!-- This site is optimized with the Yoast SEO plugin v25.4 - https:\/\/yoast.com\/wordpress\/plugins\/seo\/ -->\n<title>O PIB de papel e a for\u00e7a de quem realmente sustenta o Brasil - Deputado Federal pelo Mato Grosso<\/title>\n<meta name=\"robots\" content=\"index, follow, max-snippet:-1, max-image-preview:large, max-video-preview:-1\" \/>\n<link rel=\"canonical\" href=\"https:\/\/nelsonbarbudo.com.br\/index.php\/2026\/03\/09\/o-pib-de-papel-e-a-forca-de-quem-realmente-sustenta-o-brasil\/\" \/>\n<meta property=\"og:locale\" content=\"pt_BR\" \/>\n<meta property=\"og:type\" content=\"article\" \/>\n<meta property=\"og:title\" content=\"O PIB de papel e a for\u00e7a de quem realmente sustenta o Brasil - Deputado Federal pelo Mato Grosso\" \/>\n<meta property=\"og:description\" content=\"O PIB de papel e a for\u00e7a de quem realmente sustenta o Brasil O governo anunciou hoje o crescimento do PIB de 2025: 2,3%. Em Bras\u00edlia, j\u00e1 tem gente pronta para estourar espumante e vender a ideia de que o Brasil entrou numa fase de prosperidade. Mas eu pergunto a voc\u00ea, brasileiro: esses 2,3% apareceram [&hellip;]\" \/>\n<meta property=\"og:url\" content=\"https:\/\/nelsonbarbudo.com.br\/index.php\/2026\/03\/09\/o-pib-de-papel-e-a-forca-de-quem-realmente-sustenta-o-brasil\/\" \/>\n<meta property=\"og:site_name\" content=\"Deputado Federal pelo Mato Grosso\" \/>\n<meta property=\"article:published_time\" content=\"2026-03-09T13:35:26+00:00\" \/>\n<meta property=\"article:modified_time\" content=\"2026-03-09T13:35:27+00:00\" \/>\n<meta property=\"og:image\" content=\"https:\/\/nelsonbarbudo.com.br\/wp-content\/uploads\/2025\/11\/WhatsApp-Image-2025-11-12-at-16.55.48-1.jpeg\" \/>\n\t<meta property=\"og:image:width\" content=\"640\" \/>\n\t<meta property=\"og:image:height\" content=\"390\" \/>\n\t<meta property=\"og:image:type\" content=\"image\/jpeg\" \/>\n<meta name=\"author\" content=\"Marlene Maidana\" \/>\n<meta name=\"twitter:card\" content=\"summary_large_image\" \/>\n<meta name=\"twitter:label1\" content=\"Escrito por\" \/>\n\t<meta name=\"twitter:data1\" content=\"Marlene Maidana\" \/>\n\t<meta name=\"twitter:label2\" content=\"Est. tempo de leitura\" \/>\n\t<meta name=\"twitter:data2\" content=\"3 minutos\" \/>\n<script type=\"application\/ld+json\" class=\"yoast-schema-graph\">{\"@context\":\"https:\/\/schema.org\",\"@graph\":[{\"@type\":\"WebPage\",\"@id\":\"https:\/\/nelsonbarbudo.com.br\/index.php\/2026\/03\/09\/o-pib-de-papel-e-a-forca-de-quem-realmente-sustenta-o-brasil\/\",\"url\":\"https:\/\/nelsonbarbudo.com.br\/index.php\/2026\/03\/09\/o-pib-de-papel-e-a-forca-de-quem-realmente-sustenta-o-brasil\/\",\"name\":\"O PIB de papel e a for\u00e7a de quem realmente sustenta o Brasil - Deputado Federal pelo Mato Grosso\",\"isPartOf\":{\"@id\":\"https:\/\/nelsonbarbudo.com.br\/#website\"},\"primaryImageOfPage\":{\"@id\":\"https:\/\/nelsonbarbudo.com.br\/index.php\/2026\/03\/09\/o-pib-de-papel-e-a-forca-de-quem-realmente-sustenta-o-brasil\/#primaryimage\"},\"image\":{\"@id\":\"https:\/\/nelsonbarbudo.com.br\/index.php\/2026\/03\/09\/o-pib-de-papel-e-a-forca-de-quem-realmente-sustenta-o-brasil\/#primaryimage\"},\"thumbnailUrl\":\"https:\/\/nelsonbarbudo.com.br\/wp-content\/uploads\/2025\/11\/WhatsApp-Image-2025-11-12-at-16.55.48-1.jpeg\",\"datePublished\":\"2026-03-09T13:35:26+00:00\",\"dateModified\":\"2026-03-09T13:35:27+00:00\",\"author\":{\"@id\":\"https:\/\/nelsonbarbudo.com.br\/#\/schema\/person\/b7936206834d7523008a2ebc0d0a61fa\"},\"breadcrumb\":{\"@id\":\"https:\/\/nelsonbarbudo.com.br\/index.php\/2026\/03\/09\/o-pib-de-papel-e-a-forca-de-quem-realmente-sustenta-o-brasil\/#breadcrumb\"},\"inLanguage\":\"pt-BR\",\"potentialAction\":[{\"@type\":\"ReadAction\",\"target\":[\"https:\/\/nelsonbarbudo.com.br\/index.php\/2026\/03\/09\/o-pib-de-papel-e-a-forca-de-quem-realmente-sustenta-o-brasil\/\"]}]},{\"@type\":\"ImageObject\",\"inLanguage\":\"pt-BR\",\"@id\":\"https:\/\/nelsonbarbudo.com.br\/index.php\/2026\/03\/09\/o-pib-de-papel-e-a-forca-de-quem-realmente-sustenta-o-brasil\/#primaryimage\",\"url\":\"https:\/\/nelsonbarbudo.com.br\/wp-content\/uploads\/2025\/11\/WhatsApp-Image-2025-11-12-at-16.55.48-1.jpeg\",\"contentUrl\":\"https:\/\/nelsonbarbudo.com.br\/wp-content\/uploads\/2025\/11\/WhatsApp-Image-2025-11-12-at-16.55.48-1.jpeg\",\"width\":640,\"height\":390},{\"@type\":\"BreadcrumbList\",\"@id\":\"https:\/\/nelsonbarbudo.com.br\/index.php\/2026\/03\/09\/o-pib-de-papel-e-a-forca-de-quem-realmente-sustenta-o-brasil\/#breadcrumb\",\"itemListElement\":[{\"@type\":\"ListItem\",\"position\":1,\"name\":\"In\u00edcio\",\"item\":\"https:\/\/nelsonbarbudo.com.br\/\"},{\"@type\":\"ListItem\",\"position\":2,\"name\":\"O PIB de papel e a for\u00e7a de quem realmente sustenta o Brasil\"}]},{\"@type\":\"WebSite\",\"@id\":\"https:\/\/nelsonbarbudo.com.br\/#website\",\"url\":\"https:\/\/nelsonbarbudo.com.br\/\",\"name\":\"Deputado Federal Nelson Barbudo\",\"description\":\"PL - MT\",\"potentialAction\":[{\"@type\":\"SearchAction\",\"target\":{\"@type\":\"EntryPoint\",\"urlTemplate\":\"https:\/\/nelsonbarbudo.com.br\/?s={search_term_string}\"},\"query-input\":{\"@type\":\"PropertyValueSpecification\",\"valueRequired\":true,\"valueName\":\"search_term_string\"}}],\"inLanguage\":\"pt-BR\"},{\"@type\":\"Person\",\"@id\":\"https:\/\/nelsonbarbudo.com.br\/#\/schema\/person\/b7936206834d7523008a2ebc0d0a61fa\",\"name\":\"Marlene Maidana\",\"image\":{\"@type\":\"ImageObject\",\"inLanguage\":\"pt-BR\",\"@id\":\"https:\/\/nelsonbarbudo.com.br\/#\/schema\/person\/image\/\",\"url\":\"https:\/\/secure.gravatar.com\/avatar\/b9fe02dd5c47fa8f3403fa53c592961d634ae71b86f7373da04d0e801510e425?s=96&d=mm&r=g\",\"contentUrl\":\"https:\/\/secure.gravatar.com\/avatar\/b9fe02dd5c47fa8f3403fa53c592961d634ae71b86f7373da04d0e801510e425?s=96&d=mm&r=g\",\"caption\":\"Marlene Maidana\"},\"url\":\"https:\/\/nelsonbarbudo.com.br\/index.php\/author\/imprensa\/\"}]}<\/script>\n<!-- \/ Yoast SEO plugin. -->","yoast_head_json":{"title":"O PIB de papel e a for\u00e7a de quem realmente sustenta o Brasil - Deputado Federal pelo Mato Grosso","robots":{"index":"index","follow":"follow","max-snippet":"max-snippet:-1","max-image-preview":"max-image-preview:large","max-video-preview":"max-video-preview:-1"},"canonical":"https:\/\/nelsonbarbudo.com.br\/index.php\/2026\/03\/09\/o-pib-de-papel-e-a-forca-de-quem-realmente-sustenta-o-brasil\/","og_locale":"pt_BR","og_type":"article","og_title":"O PIB de papel e a for\u00e7a de quem realmente sustenta o Brasil - Deputado Federal pelo Mato Grosso","og_description":"O PIB de papel e a for\u00e7a de quem realmente sustenta o Brasil O governo anunciou hoje o crescimento do PIB de 2025: 2,3%. Em Bras\u00edlia, j\u00e1 tem gente pronta para estourar espumante e vender a ideia de que o Brasil entrou numa fase de prosperidade. Mas eu pergunto a voc\u00ea, brasileiro: esses 2,3% apareceram [&hellip;]","og_url":"https:\/\/nelsonbarbudo.com.br\/index.php\/2026\/03\/09\/o-pib-de-papel-e-a-forca-de-quem-realmente-sustenta-o-brasil\/","og_site_name":"Deputado Federal pelo Mato Grosso","article_published_time":"2026-03-09T13:35:26+00:00","article_modified_time":"2026-03-09T13:35:27+00:00","og_image":[{"width":640,"height":390,"url":"https:\/\/nelsonbarbudo.com.br\/wp-content\/uploads\/2025\/11\/WhatsApp-Image-2025-11-12-at-16.55.48-1.jpeg","type":"image\/jpeg"}],"author":"Marlene Maidana","twitter_card":"summary_large_image","twitter_misc":{"Escrito por":"Marlene Maidana","Est. tempo de leitura":"3 minutos"},"schema":{"@context":"https:\/\/schema.org","@graph":[{"@type":"WebPage","@id":"https:\/\/nelsonbarbudo.com.br\/index.php\/2026\/03\/09\/o-pib-de-papel-e-a-forca-de-quem-realmente-sustenta-o-brasil\/","url":"https:\/\/nelsonbarbudo.com.br\/index.php\/2026\/03\/09\/o-pib-de-papel-e-a-forca-de-quem-realmente-sustenta-o-brasil\/","name":"O PIB de papel e a for\u00e7a de quem realmente sustenta o Brasil - Deputado Federal pelo Mato Grosso","isPartOf":{"@id":"https:\/\/nelsonbarbudo.com.br\/#website"},"primaryImageOfPage":{"@id":"https:\/\/nelsonbarbudo.com.br\/index.php\/2026\/03\/09\/o-pib-de-papel-e-a-forca-de-quem-realmente-sustenta-o-brasil\/#primaryimage"},"image":{"@id":"https:\/\/nelsonbarbudo.com.br\/index.php\/2026\/03\/09\/o-pib-de-papel-e-a-forca-de-quem-realmente-sustenta-o-brasil\/#primaryimage"},"thumbnailUrl":"https:\/\/nelsonbarbudo.com.br\/wp-content\/uploads\/2025\/11\/WhatsApp-Image-2025-11-12-at-16.55.48-1.jpeg","datePublished":"2026-03-09T13:35:26+00:00","dateModified":"2026-03-09T13:35:27+00:00","author":{"@id":"https:\/\/nelsonbarbudo.com.br\/#\/schema\/person\/b7936206834d7523008a2ebc0d0a61fa"},"breadcrumb":{"@id":"https:\/\/nelsonbarbudo.com.br\/index.php\/2026\/03\/09\/o-pib-de-papel-e-a-forca-de-quem-realmente-sustenta-o-brasil\/#breadcrumb"},"inLanguage":"pt-BR","potentialAction":[{"@type":"ReadAction","target":["https:\/\/nelsonbarbudo.com.br\/index.php\/2026\/03\/09\/o-pib-de-papel-e-a-forca-de-quem-realmente-sustenta-o-brasil\/"]}]},{"@type":"ImageObject","inLanguage":"pt-BR","@id":"https:\/\/nelsonbarbudo.com.br\/index.php\/2026\/03\/09\/o-pib-de-papel-e-a-forca-de-quem-realmente-sustenta-o-brasil\/#primaryimage","url":"https:\/\/nelsonbarbudo.com.br\/wp-content\/uploads\/2025\/11\/WhatsApp-Image-2025-11-12-at-16.55.48-1.jpeg","contentUrl":"https:\/\/nelsonbarbudo.com.br\/wp-content\/uploads\/2025\/11\/WhatsApp-Image-2025-11-12-at-16.55.48-1.jpeg","width":640,"height":390},{"@type":"BreadcrumbList","@id":"https:\/\/nelsonbarbudo.com.br\/index.php\/2026\/03\/09\/o-pib-de-papel-e-a-forca-de-quem-realmente-sustenta-o-brasil\/#breadcrumb","itemListElement":[{"@type":"ListItem","position":1,"name":"In\u00edcio","item":"https:\/\/nelsonbarbudo.com.br\/"},{"@type":"ListItem","position":2,"name":"O PIB de papel e a for\u00e7a de quem realmente sustenta o Brasil"}]},{"@type":"WebSite","@id":"https:\/\/nelsonbarbudo.com.br\/#website","url":"https:\/\/nelsonbarbudo.com.br\/","name":"Deputado Federal Nelson Barbudo","description":"PL - MT","potentialAction":[{"@type":"SearchAction","target":{"@type":"EntryPoint","urlTemplate":"https:\/\/nelsonbarbudo.com.br\/?s={search_term_string}"},"query-input":{"@type":"PropertyValueSpecification","valueRequired":true,"valueName":"search_term_string"}}],"inLanguage":"pt-BR"},{"@type":"Person","@id":"https:\/\/nelsonbarbudo.com.br\/#\/schema\/person\/b7936206834d7523008a2ebc0d0a61fa","name":"Marlene Maidana","image":{"@type":"ImageObject","inLanguage":"pt-BR","@id":"https:\/\/nelsonbarbudo.com.br\/#\/schema\/person\/image\/","url":"https:\/\/secure.gravatar.com\/avatar\/b9fe02dd5c47fa8f3403fa53c592961d634ae71b86f7373da04d0e801510e425?s=96&d=mm&r=g","contentUrl":"https:\/\/secure.gravatar.com\/avatar\/b9fe02dd5c47fa8f3403fa53c592961d634ae71b86f7373da04d0e801510e425?s=96&d=mm&r=g","caption":"Marlene Maidana"},"url":"https:\/\/nelsonbarbudo.com.br\/index.php\/author\/imprensa\/"}]}},"_links":{"self":[{"href":"https:\/\/nelsonbarbudo.com.br\/index.php\/wp-json\/wp\/v2\/posts\/2631","targetHints":{"allow":["GET"]}}],"collection":[{"href":"https:\/\/nelsonbarbudo.com.br\/index.php\/wp-json\/wp\/v2\/posts"}],"about":[{"href":"https:\/\/nelsonbarbudo.com.br\/index.php\/wp-json\/wp\/v2\/types\/post"}],"author":[{"embeddable":true,"href":"https:\/\/nelsonbarbudo.com.br\/index.php\/wp-json\/wp\/v2\/users\/2"}],"replies":[{"embeddable":true,"href":"https:\/\/nelsonbarbudo.com.br\/index.php\/wp-json\/wp\/v2\/comments?post=2631"}],"version-history":[{"count":1,"href":"https:\/\/nelsonbarbudo.com.br\/index.php\/wp-json\/wp\/v2\/posts\/2631\/revisions"}],"predecessor-version":[{"id":2632,"href":"https:\/\/nelsonbarbudo.com.br\/index.php\/wp-json\/wp\/v2\/posts\/2631\/revisions\/2632"}],"wp:featuredmedia":[{"embeddable":true,"href":"https:\/\/nelsonbarbudo.com.br\/index.php\/wp-json\/wp\/v2\/media\/2585"}],"wp:attachment":[{"href":"https:\/\/nelsonbarbudo.com.br\/index.php\/wp-json\/wp\/v2\/media?parent=2631"}],"wp:term":[{"taxonomy":"category","embeddable":true,"href":"https:\/\/nelsonbarbudo.com.br\/index.php\/wp-json\/wp\/v2\/categories?post=2631"},{"taxonomy":"post_tag","embeddable":true,"href":"https:\/\/nelsonbarbudo.com.br\/index.php\/wp-json\/wp\/v2\/tags?post=2631"}],"curies":[{"name":"wp","href":"https:\/\/api.w.org\/{rel}","templated":true}]}}