{"id":2637,"date":"2026-03-09T10:57:53","date_gmt":"2026-03-09T13:57:53","guid":{"rendered":"https:\/\/nelsonbarbudo.com.br\/?p=2637"},"modified":"2026-03-09T10:57:55","modified_gmt":"2026-03-09T13:57:55","slug":"deputado-nelson-barbudo-encerra-ciclo-de-quimioterapia-apos-seis-meses-de-tratamento","status":"publish","type":"post","link":"https:\/\/nelsonbarbudo.com.br\/index.php\/2026\/03\/09\/deputado-nelson-barbudo-encerra-ciclo-de-quimioterapia-apos-seis-meses-de-tratamento\/","title":{"rendered":"Deputado Nelson Barbudo encerra ciclo de quimioterapia ap\u00f3s seis meses de tratamento"},"content":{"rendered":"\n<h2 class=\"wp-block-heading\">Deputado Nelson Barbudo encerra ciclo de quimioterapia ap\u00f3s seis meses de tratamento<\/h2>\n\n\n\n<p>O deputado federal Nelson Barbudo encerrou nesta quinta-feira, 6 de mar\u00e7o, o ciclo de quimioterapia ap\u00f3s seis meses de tratamento contra o c\u00e2ncer. O \u00faltimo procedimento foi realizado na unidade de quimioterapia da Unimed, em S\u00e3o Jos\u00e9 do Rio Preto (SP), em um momento marcado por emo\u00e7\u00e3o, f\u00e9 e gratid\u00e3o.<\/p>\n\n\n\n<p>Antes de iniciar a \u00faltima sess\u00e3o, o parlamentar falou sobre a jornada enfrentada ao longo do tratamento e destacou que a caminhada foi marcada por desafios, mas tamb\u00e9m por esperan\u00e7a.<\/p>\n\n\n\n<p>\u201cA gente sabe que n\u00e3o existe sucesso sem sofrimento, mas a gente sofre um pouco para alcan\u00e7ar a cura. A quimioterapia tem muitos efeitos colaterais, mas suportamos tudo. Hoje \u00e9 o \u00faltimo dia do procedimento para que possamos ter a remiss\u00e3o e a cura dessa doen\u00e7a que acomete tantas pessoas\u201d, afirmou.<\/p>\n\n\n\n<p>Ao final da sess\u00e3o, Barbudo comemorou a conclus\u00e3o de uma etapa importante da batalha contra a doen\u00e7a. Segundo ele, os exames realizados at\u00e9 o momento apresentaram resultados positivos.<\/p>\n\n\n\n<p>\u201cForam seis meses de quimioterapia. Gra\u00e7as a Deus os exames deram todos negativos e agora eu volto daqui 90 dias para fazer exames de imagem e confirmar que estou livre de tumores\u201d, explicou.<\/p>\n\n\n\n<p>O deputado tamb\u00e9m ressaltou que o tratamento segue agora em fase de acompanhamento m\u00e9dico. Caso os exames continuem sem ind\u00edcios da doen\u00e7a ao longo do tempo, o quadro poder\u00e1 ser considerado em remiss\u00e3o.<\/p>\n\n\n\n<p>\u201cAgora \u00e9 acompanhamento. Daqui a 90 dias repetimos os exames e, se Deus quiser, estaremos livres. S\u00e3o cinco anos de acompanhamento para que se confirme a remiss\u00e3o\u201d, disse.<\/p>\n\n\n\n<p>Durante o momento, o parlamentar fez quest\u00e3o de agradecer \u00e0 equipe m\u00e9dica, aos profissionais de sa\u00fade e \u00e0 estrutura da unidade onde realizou o tratamento.<\/p>\n\n\n\n<p>\u201cQuero agradecer a Deus em primeiro lugar, agradecer aos m\u00e9dicos, doutor Ovaldo, doutor Max e doutor Stefano, e agradecer \u00e0 Unimed. Deixo registrado o carinho com que os pacientes s\u00e3o tratados aqui. Ser tratado com empatia aumenta a nossa vontade de ser curado\u201d, declarou.<\/p>\n\n\n\n<p>Emocionado, Barbudo tamb\u00e9m destacou o papel fundamental da fam\u00edlia durante todo o processo.<\/p>\n\n\n\n<p>\u201cMinha fam\u00edlia esteve 100% ao meu lado. Eu descobri estudando essa doen\u00e7a que a participa\u00e7\u00e3o da fam\u00edlia aumenta em cerca de 40% a chance de recupera\u00e7\u00e3o. Esse apoio foi muito importante para mim\u201d, afirmou.<\/p>\n\n\n\n<p>Em sua mensagem final, o deputado deixou tamb\u00e9m uma palavra de f\u00e9 e encorajamento a outros pacientes que enfrentam a mesma batalha.<\/p>\n\n\n\n<p>\u201cSe Jesus foi crucificado para alcan\u00e7ar a gl\u00f3ria, quem somos n\u00f3s para n\u00e3o enfrentar dificuldades? Passei por essa fase da minha vida e estou vencendo. Meus exames deram negativos e meu pedido a Deus \u00e9 que a mesma cura que Ele trouxe para mim, traga tamb\u00e9m para todos os pacientes que est\u00e3o nessa luta\u201d, disse.<\/p>\n\n\n\n<p>Ao concluir o ciclo de tratamento, o parlamentar participou do tradicional momento em que pacientes tocam o sino para marcar o fim da quimioterapia, s\u00edmbolo de supera\u00e7\u00e3o e esperan\u00e7a para quem enfrenta a doen\u00e7a.<\/p>\n\n\n\n<p>\u201cN\u00e3o reclamemos. Continuemos o nosso tratamento, porque Deus \u00e9 nosso pai. Pe\u00e7amos a Ele a cura, porque um pai nunca nega um pedido ao filho\u201d, finalizou.<\/p>\n","protected":false},"excerpt":{"rendered":"<p>Deputado Nelson Barbudo encerra ciclo de quimioterapia ap\u00f3s seis meses de tratamento O deputado federal Nelson Barbudo encerrou nesta quinta-feira, 6 de mar\u00e7o, o ciclo de quimioterapia ap\u00f3s seis meses de tratamento contra o c\u00e2ncer. O \u00faltimo procedimento foi realizado na unidade de quimioterapia da Unimed, em S\u00e3o Jos\u00e9 do Rio Preto (SP), em um [&hellip;]<\/p>\n","protected":false},"author":2,"featured_media":2638,"comment_status":"open","ping_status":"open","sticky":false,"template":"","format":"standard","meta":{"footnotes":""},"categories":[48],"tags":[54,208,53,55,240,239,241],"class_list":["post-2637","post","type-post","status-publish","format-standard","has-post-thumbnail","hentry","category-noticias","tag-barbudo","tag-cancer","tag-deputado-nelson-barbudo","tag-nelson-barbudo","tag-nelsonbarbudoterminaratamento","tag-nelsonbarbudovencecancer","tag-quimioterapia"],"yoast_head":"<!-- This site is optimized with the Yoast SEO plugin v25.4 - https:\/\/yoast.com\/wordpress\/plugins\/seo\/ -->\n<title>Deputado Nelson Barbudo encerra ciclo de quimioterapia ap\u00f3s seis meses de tratamento - Deputado Federal pelo Mato Grosso<\/title>\n<meta name=\"robots\" content=\"index, follow, max-snippet:-1, max-image-preview:large, max-video-preview:-1\" \/>\n<link rel=\"canonical\" href=\"https:\/\/nelsonbarbudo.com.br\/index.php\/2026\/03\/09\/deputado-nelson-barbudo-encerra-ciclo-de-quimioterapia-apos-seis-meses-de-tratamento\/\" \/>\n<meta property=\"og:locale\" content=\"pt_BR\" \/>\n<meta property=\"og:type\" content=\"article\" \/>\n<meta property=\"og:title\" content=\"Deputado Nelson Barbudo encerra ciclo de quimioterapia ap\u00f3s seis meses de tratamento - Deputado Federal pelo Mato Grosso\" \/>\n<meta property=\"og:description\" content=\"Deputado Nelson Barbudo encerra ciclo de quimioterapia ap\u00f3s seis meses de tratamento O deputado federal Nelson Barbudo encerrou nesta quinta-feira, 6 de mar\u00e7o, o ciclo de quimioterapia ap\u00f3s seis meses de tratamento contra o c\u00e2ncer. O \u00faltimo procedimento foi realizado na unidade de quimioterapia da Unimed, em S\u00e3o Jos\u00e9 do Rio Preto (SP), em um [&hellip;]\" \/>\n<meta property=\"og:url\" content=\"https:\/\/nelsonbarbudo.com.br\/index.php\/2026\/03\/09\/deputado-nelson-barbudo-encerra-ciclo-de-quimioterapia-apos-seis-meses-de-tratamento\/\" \/>\n<meta property=\"og:site_name\" content=\"Deputado Federal pelo Mato Grosso\" \/>\n<meta property=\"article:published_time\" content=\"2026-03-09T13:57:53+00:00\" \/>\n<meta property=\"article:modified_time\" content=\"2026-03-09T13:57:55+00:00\" \/>\n<meta property=\"og:image\" content=\"https:\/\/nelsonbarbudo.com.br\/wp-content\/uploads\/2026\/03\/WhatsApp-Image-2026-03-06-at-17.10.01.jpeg\" \/>\n\t<meta property=\"og:image:width\" content=\"720\" \/>\n\t<meta property=\"og:image:height\" content=\"1280\" \/>\n\t<meta property=\"og:image:type\" content=\"image\/jpeg\" \/>\n<meta name=\"author\" content=\"Marlene Maidana\" \/>\n<meta name=\"twitter:card\" content=\"summary_large_image\" \/>\n<meta name=\"twitter:label1\" content=\"Escrito por\" \/>\n\t<meta name=\"twitter:data1\" content=\"Marlene Maidana\" \/>\n\t<meta name=\"twitter:label2\" content=\"Est. tempo de leitura\" \/>\n\t<meta name=\"twitter:data2\" content=\"4 minutos\" \/>\n<script type=\"application\/ld+json\" class=\"yoast-schema-graph\">{\"@context\":\"https:\/\/schema.org\",\"@graph\":[{\"@type\":\"WebPage\",\"@id\":\"https:\/\/nelsonbarbudo.com.br\/index.php\/2026\/03\/09\/deputado-nelson-barbudo-encerra-ciclo-de-quimioterapia-apos-seis-meses-de-tratamento\/\",\"url\":\"https:\/\/nelsonbarbudo.com.br\/index.php\/2026\/03\/09\/deputado-nelson-barbudo-encerra-ciclo-de-quimioterapia-apos-seis-meses-de-tratamento\/\",\"name\":\"Deputado Nelson Barbudo encerra ciclo de quimioterapia ap\u00f3s seis meses de tratamento - Deputado Federal pelo Mato Grosso\",\"isPartOf\":{\"@id\":\"https:\/\/nelsonbarbudo.com.br\/#website\"},\"primaryImageOfPage\":{\"@id\":\"https:\/\/nelsonbarbudo.com.br\/index.php\/2026\/03\/09\/deputado-nelson-barbudo-encerra-ciclo-de-quimioterapia-apos-seis-meses-de-tratamento\/#primaryimage\"},\"image\":{\"@id\":\"https:\/\/nelsonbarbudo.com.br\/index.php\/2026\/03\/09\/deputado-nelson-barbudo-encerra-ciclo-de-quimioterapia-apos-seis-meses-de-tratamento\/#primaryimage\"},\"thumbnailUrl\":\"https:\/\/nelsonbarbudo.com.br\/wp-content\/uploads\/2026\/03\/WhatsApp-Image-2026-03-06-at-17.10.01.jpeg\",\"datePublished\":\"2026-03-09T13:57:53+00:00\",\"dateModified\":\"2026-03-09T13:57:55+00:00\",\"author\":{\"@id\":\"https:\/\/nelsonbarbudo.com.br\/#\/schema\/person\/b7936206834d7523008a2ebc0d0a61fa\"},\"breadcrumb\":{\"@id\":\"https:\/\/nelsonbarbudo.com.br\/index.php\/2026\/03\/09\/deputado-nelson-barbudo-encerra-ciclo-de-quimioterapia-apos-seis-meses-de-tratamento\/#breadcrumb\"},\"inLanguage\":\"pt-BR\",\"potentialAction\":[{\"@type\":\"ReadAction\",\"target\":[\"https:\/\/nelsonbarbudo.com.br\/index.php\/2026\/03\/09\/deputado-nelson-barbudo-encerra-ciclo-de-quimioterapia-apos-seis-meses-de-tratamento\/\"]}]},{\"@type\":\"ImageObject\",\"inLanguage\":\"pt-BR\",\"@id\":\"https:\/\/nelsonbarbudo.com.br\/index.php\/2026\/03\/09\/deputado-nelson-barbudo-encerra-ciclo-de-quimioterapia-apos-seis-meses-de-tratamento\/#primaryimage\",\"url\":\"https:\/\/nelsonbarbudo.com.br\/wp-content\/uploads\/2026\/03\/WhatsApp-Image-2026-03-06-at-17.10.01.jpeg\",\"contentUrl\":\"https:\/\/nelsonbarbudo.com.br\/wp-content\/uploads\/2026\/03\/WhatsApp-Image-2026-03-06-at-17.10.01.jpeg\",\"width\":720,\"height\":1280},{\"@type\":\"BreadcrumbList\",\"@id\":\"https:\/\/nelsonbarbudo.com.br\/index.php\/2026\/03\/09\/deputado-nelson-barbudo-encerra-ciclo-de-quimioterapia-apos-seis-meses-de-tratamento\/#breadcrumb\",\"itemListElement\":[{\"@type\":\"ListItem\",\"position\":1,\"name\":\"In\u00edcio\",\"item\":\"https:\/\/nelsonbarbudo.com.br\/\"},{\"@type\":\"ListItem\",\"position\":2,\"name\":\"Deputado Nelson Barbudo encerra ciclo de quimioterapia ap\u00f3s seis meses de tratamento\"}]},{\"@type\":\"WebSite\",\"@id\":\"https:\/\/nelsonbarbudo.com.br\/#website\",\"url\":\"https:\/\/nelsonbarbudo.com.br\/\",\"name\":\"Deputado Federal Nelson Barbudo\",\"description\":\"PL - MT\",\"potentialAction\":[{\"@type\":\"SearchAction\",\"target\":{\"@type\":\"EntryPoint\",\"urlTemplate\":\"https:\/\/nelsonbarbudo.com.br\/?s={search_term_string}\"},\"query-input\":{\"@type\":\"PropertyValueSpecification\",\"valueRequired\":true,\"valueName\":\"search_term_string\"}}],\"inLanguage\":\"pt-BR\"},{\"@type\":\"Person\",\"@id\":\"https:\/\/nelsonbarbudo.com.br\/#\/schema\/person\/b7936206834d7523008a2ebc0d0a61fa\",\"name\":\"Marlene Maidana\",\"image\":{\"@type\":\"ImageObject\",\"inLanguage\":\"pt-BR\",\"@id\":\"https:\/\/nelsonbarbudo.com.br\/#\/schema\/person\/image\/\",\"url\":\"https:\/\/secure.gravatar.com\/avatar\/b9fe02dd5c47fa8f3403fa53c592961d634ae71b86f7373da04d0e801510e425?s=96&d=mm&r=g\",\"contentUrl\":\"https:\/\/secure.gravatar.com\/avatar\/b9fe02dd5c47fa8f3403fa53c592961d634ae71b86f7373da04d0e801510e425?s=96&d=mm&r=g\",\"caption\":\"Marlene Maidana\"},\"url\":\"https:\/\/nelsonbarbudo.com.br\/index.php\/author\/imprensa\/\"}]}<\/script>\n<!-- \/ Yoast SEO plugin. -->","yoast_head_json":{"title":"Deputado Nelson Barbudo encerra ciclo de quimioterapia ap\u00f3s seis meses de tratamento - Deputado Federal pelo Mato Grosso","robots":{"index":"index","follow":"follow","max-snippet":"max-snippet:-1","max-image-preview":"max-image-preview:large","max-video-preview":"max-video-preview:-1"},"canonical":"https:\/\/nelsonbarbudo.com.br\/index.php\/2026\/03\/09\/deputado-nelson-barbudo-encerra-ciclo-de-quimioterapia-apos-seis-meses-de-tratamento\/","og_locale":"pt_BR","og_type":"article","og_title":"Deputado Nelson Barbudo encerra ciclo de quimioterapia ap\u00f3s seis meses de tratamento - Deputado Federal pelo Mato Grosso","og_description":"Deputado Nelson Barbudo encerra ciclo de quimioterapia ap\u00f3s seis meses de tratamento O deputado federal Nelson Barbudo encerrou nesta quinta-feira, 6 de mar\u00e7o, o ciclo de quimioterapia ap\u00f3s seis meses de tratamento contra o c\u00e2ncer. O \u00faltimo procedimento foi realizado na unidade de quimioterapia da Unimed, em S\u00e3o Jos\u00e9 do Rio Preto (SP), em um [&hellip;]","og_url":"https:\/\/nelsonbarbudo.com.br\/index.php\/2026\/03\/09\/deputado-nelson-barbudo-encerra-ciclo-de-quimioterapia-apos-seis-meses-de-tratamento\/","og_site_name":"Deputado Federal pelo Mato Grosso","article_published_time":"2026-03-09T13:57:53+00:00","article_modified_time":"2026-03-09T13:57:55+00:00","og_image":[{"width":720,"height":1280,"url":"https:\/\/nelsonbarbudo.com.br\/wp-content\/uploads\/2026\/03\/WhatsApp-Image-2026-03-06-at-17.10.01.jpeg","type":"image\/jpeg"}],"author":"Marlene Maidana","twitter_card":"summary_large_image","twitter_misc":{"Escrito por":"Marlene Maidana","Est. tempo de leitura":"4 minutos"},"schema":{"@context":"https:\/\/schema.org","@graph":[{"@type":"WebPage","@id":"https:\/\/nelsonbarbudo.com.br\/index.php\/2026\/03\/09\/deputado-nelson-barbudo-encerra-ciclo-de-quimioterapia-apos-seis-meses-de-tratamento\/","url":"https:\/\/nelsonbarbudo.com.br\/index.php\/2026\/03\/09\/deputado-nelson-barbudo-encerra-ciclo-de-quimioterapia-apos-seis-meses-de-tratamento\/","name":"Deputado Nelson Barbudo encerra ciclo de quimioterapia ap\u00f3s seis meses de tratamento - Deputado Federal pelo Mato Grosso","isPartOf":{"@id":"https:\/\/nelsonbarbudo.com.br\/#website"},"primaryImageOfPage":{"@id":"https:\/\/nelsonbarbudo.com.br\/index.php\/2026\/03\/09\/deputado-nelson-barbudo-encerra-ciclo-de-quimioterapia-apos-seis-meses-de-tratamento\/#primaryimage"},"image":{"@id":"https:\/\/nelsonbarbudo.com.br\/index.php\/2026\/03\/09\/deputado-nelson-barbudo-encerra-ciclo-de-quimioterapia-apos-seis-meses-de-tratamento\/#primaryimage"},"thumbnailUrl":"https:\/\/nelsonbarbudo.com.br\/wp-content\/uploads\/2026\/03\/WhatsApp-Image-2026-03-06-at-17.10.01.jpeg","datePublished":"2026-03-09T13:57:53+00:00","dateModified":"2026-03-09T13:57:55+00:00","author":{"@id":"https:\/\/nelsonbarbudo.com.br\/#\/schema\/person\/b7936206834d7523008a2ebc0d0a61fa"},"breadcrumb":{"@id":"https:\/\/nelsonbarbudo.com.br\/index.php\/2026\/03\/09\/deputado-nelson-barbudo-encerra-ciclo-de-quimioterapia-apos-seis-meses-de-tratamento\/#breadcrumb"},"inLanguage":"pt-BR","potentialAction":[{"@type":"ReadAction","target":["https:\/\/nelsonbarbudo.com.br\/index.php\/2026\/03\/09\/deputado-nelson-barbudo-encerra-ciclo-de-quimioterapia-apos-seis-meses-de-tratamento\/"]}]},{"@type":"ImageObject","inLanguage":"pt-BR","@id":"https:\/\/nelsonbarbudo.com.br\/index.php\/2026\/03\/09\/deputado-nelson-barbudo-encerra-ciclo-de-quimioterapia-apos-seis-meses-de-tratamento\/#primaryimage","url":"https:\/\/nelsonbarbudo.com.br\/wp-content\/uploads\/2026\/03\/WhatsApp-Image-2026-03-06-at-17.10.01.jpeg","contentUrl":"https:\/\/nelsonbarbudo.com.br\/wp-content\/uploads\/2026\/03\/WhatsApp-Image-2026-03-06-at-17.10.01.jpeg","width":720,"height":1280},{"@type":"BreadcrumbList","@id":"https:\/\/nelsonbarbudo.com.br\/index.php\/2026\/03\/09\/deputado-nelson-barbudo-encerra-ciclo-de-quimioterapia-apos-seis-meses-de-tratamento\/#breadcrumb","itemListElement":[{"@type":"ListItem","position":1,"name":"In\u00edcio","item":"https:\/\/nelsonbarbudo.com.br\/"},{"@type":"ListItem","position":2,"name":"Deputado Nelson Barbudo encerra ciclo de quimioterapia ap\u00f3s seis meses de tratamento"}]},{"@type":"WebSite","@id":"https:\/\/nelsonbarbudo.com.br\/#website","url":"https:\/\/nelsonbarbudo.com.br\/","name":"Deputado Federal Nelson Barbudo","description":"PL - MT","potentialAction":[{"@type":"SearchAction","target":{"@type":"EntryPoint","urlTemplate":"https:\/\/nelsonbarbudo.com.br\/?s={search_term_string}"},"query-input":{"@type":"PropertyValueSpecification","valueRequired":true,"valueName":"search_term_string"}}],"inLanguage":"pt-BR"},{"@type":"Person","@id":"https:\/\/nelsonbarbudo.com.br\/#\/schema\/person\/b7936206834d7523008a2ebc0d0a61fa","name":"Marlene Maidana","image":{"@type":"ImageObject","inLanguage":"pt-BR","@id":"https:\/\/nelsonbarbudo.com.br\/#\/schema\/person\/image\/","url":"https:\/\/secure.gravatar.com\/avatar\/b9fe02dd5c47fa8f3403fa53c592961d634ae71b86f7373da04d0e801510e425?s=96&d=mm&r=g","contentUrl":"https:\/\/secure.gravatar.com\/avatar\/b9fe02dd5c47fa8f3403fa53c592961d634ae71b86f7373da04d0e801510e425?s=96&d=mm&r=g","caption":"Marlene Maidana"},"url":"https:\/\/nelsonbarbudo.com.br\/index.php\/author\/imprensa\/"}]}},"_links":{"self":[{"href":"https:\/\/nelsonbarbudo.com.br\/index.php\/wp-json\/wp\/v2\/posts\/2637","targetHints":{"allow":["GET"]}}],"collection":[{"href":"https:\/\/nelsonbarbudo.com.br\/index.php\/wp-json\/wp\/v2\/posts"}],"about":[{"href":"https:\/\/nelsonbarbudo.com.br\/index.php\/wp-json\/wp\/v2\/types\/post"}],"author":[{"embeddable":true,"href":"https:\/\/nelsonbarbudo.com.br\/index.php\/wp-json\/wp\/v2\/users\/2"}],"replies":[{"embeddable":true,"href":"https:\/\/nelsonbarbudo.com.br\/index.php\/wp-json\/wp\/v2\/comments?post=2637"}],"version-history":[{"count":1,"href":"https:\/\/nelsonbarbudo.com.br\/index.php\/wp-json\/wp\/v2\/posts\/2637\/revisions"}],"predecessor-version":[{"id":2639,"href":"https:\/\/nelsonbarbudo.com.br\/index.php\/wp-json\/wp\/v2\/posts\/2637\/revisions\/2639"}],"wp:featuredmedia":[{"embeddable":true,"href":"https:\/\/nelsonbarbudo.com.br\/index.php\/wp-json\/wp\/v2\/media\/2638"}],"wp:attachment":[{"href":"https:\/\/nelsonbarbudo.com.br\/index.php\/wp-json\/wp\/v2\/media?parent=2637"}],"wp:term":[{"taxonomy":"category","embeddable":true,"href":"https:\/\/nelsonbarbudo.com.br\/index.php\/wp-json\/wp\/v2\/categories?post=2637"},{"taxonomy":"post_tag","embeddable":true,"href":"https:\/\/nelsonbarbudo.com.br\/index.php\/wp-json\/wp\/v2\/tags?post=2637"}],"curies":[{"name":"wp","href":"https:\/\/api.w.org\/{rel}","templated":true}]}}